{"id":237,"date":"2024-01-17T11:14:05","date_gmt":"2024-01-17T11:14:05","guid":{"rendered":"http:\/\/vilaverdeemflor.com\/?p=237"},"modified":"2025-01-13T15:59:57","modified_gmt":"2025-01-13T15:59:57","slug":"significado-das-cores","status":"publish","type":"post","link":"https:\/\/vilaverdeemflor.com\/en\/significado-das-cores\/","title":{"rendered":"Significado das Cores"},"content":{"rendered":"<div data-elementor-type=\"wp-post\" data-elementor-id=\"237\" class=\"elementor elementor-237\">\n\t\t\t\t<div class=\"elementor-element elementor-element-687b58e2 e-flex e-con-boxed e-con e-parent\" data-id=\"687b58e2\" data-element_type=\"container\" data-e-type=\"container\">\n\t\t\t\t\t<div class=\"e-con-inner\">\n\t\t\t\t<div class=\"elementor-element elementor-element-7e704e07 elementor-widget elementor-widget-text-editor\" data-id=\"7e704e07\" data-element_type=\"widget\" data-e-type=\"widget\" data-widget_type=\"text-editor.default\">\n\t\t\t\t<div class=\"elementor-widget-container\">\n\t\t\t\t\t\t\t\t\t<p><span style=\"color: var( --e-global-color-text ); text-align: var(--text-align);\">Cada um de n\u00f3s pode dar um significado pr\u00f3prio a cada cor, por\u00e9m temos alguns simbolismos base.<\/span><\/p>\n<p><!-- \/wp:paragraph --><!-- wp:paragraph --><\/p>\n<p><strong>Vermelho &#8211;<\/strong> A cor que significa paix\u00e3o, emo\u00e7\u00e3o, agressividade e perigo<\/p>\n<p><strong>Azul &#8211;<\/strong> A cor que significa confian\u00e7a, reserva, harmonia, afecto, amizade, fidelidade e amor<\/p>\n<p><!-- \/wp:paragraph --><!-- wp:paragraph --><!-- \/wp:paragraph --><!-- wp:paragraph --><\/p>\n<p><strong>Verde &#8211;<\/strong> A cor que significa esperan\u00e7a, natureza, juventude, desejo, descanso e equil\u00edbrio<\/p>\n<p><!-- \/wp:paragraph --><!-- wp:paragraph --><\/p>\n<p><strong>Amarelo &#8211;<\/strong> A cor que significa ego\u00edsmo, ci\u00fame, inveja, \u00f3dio, adolesc\u00eancia, riqueza e prazer<\/p>\n<p><!-- \/wp:paragraph --><!-- wp:paragraph --><\/p>\n<p><strong>Alaranjado &#8211;<\/strong> A cor que significa perigo, gozo, prazer manh\u00e3 e presen\u00e7a do sol<\/p>\n<p><!-- \/wp:paragraph --><!-- wp:paragraph --><\/p>\n<p><strong>Violeta &#8211;<\/strong> A cor que significa calma, auto-controlo , dignidade, aristocracia\u00a0<\/p>\n<p><!-- \/wp:paragraph --><!-- wp:paragraph --><\/p>\n<p><strong>Branco &#8211;<\/strong> A cor que significa paz, inoc\u00eancia, alma, divindade, calma e harmonia<\/p>\n<p>\u00a0<\/p>\n<p><!-- \/wp:paragraph --><!-- wp:image --><\/p>\n<figure class=\"wp-block-image\"><\/figure>\n<p><!-- \/wp:image --><!-- wp:image --><\/p>\n<figure class=\"wp-block-image\"><\/figure>\n<p><!-- \/wp:image --><!-- wp:image --><\/p>\n<figure class=\"wp-block-image\"><\/figure>\n<p><!-- \/wp:image --><\/p>\t\t\t\t\t\t\t\t<\/div>\n\t\t\t\t<\/div>\n\t\t\t\t\t<\/div>\n\t\t\t\t<\/div>\n\t\t<div class=\"elementor-element elementor-element-5f92194 e-con-full e-flex e-con e-parent\" data-id=\"5f92194\" data-element_type=\"container\" data-e-type=\"container\">\n\t\t\t\t<div class=\"elementor-element elementor-element-abdc5ce elementor-widget elementor-widget-image\" data-id=\"abdc5ce\" data-element_type=\"widget\" data-e-type=\"widget\" data-widget_type=\"image.default\">\n\t\t\t\t<div class=\"elementor-widget-container\">\n\t\t\t\t\t\t\t\t\t\t\t\t\t\t\t<img fetchpriority=\"high\" decoding=\"async\" width=\"683\" height=\"1024\" src=\"https:\/\/vilaverdeemflor.com\/wp-content\/uploads\/2024\/01\/imagem_2025-01-13_155911648-683x1024.png\" class=\"attachment-large size-large wp-image-5151\" alt=\"\" srcset=\"https:\/\/vilaverdeemflor.com\/wp-content\/uploads\/2024\/01\/imagem_2025-01-13_155911648-683x1024.png 683w, https:\/\/vilaverdeemflor.com\/wp-content\/uploads\/2024\/01\/imagem_2025-01-13_155911648-600x900.png 600w, https:\/\/vilaverdeemflor.com\/wp-content\/uploads\/2024\/01\/imagem_2025-01-13_155911648-200x300.png 200w, https:\/\/vilaverdeemflor.com\/wp-content\/uploads\/2024\/01\/imagem_2025-01-13_155911648.png 750w\" sizes=\"(max-width: 683px) 100vw, 683px\" \/>\t\t\t\t\t\t\t\t\t\t\t\t\t\t\t<\/div>\n\t\t\t\t<\/div>\n\t\t\t\t<div class=\"elementor-element elementor-element-958bab3 elementor-widget elementor-widget-image\" data-id=\"958bab3\" data-element_type=\"widget\" data-e-type=\"widget\" data-widget_type=\"image.default\">\n\t\t\t\t<div class=\"elementor-widget-container\">\n\t\t\t\t\t\t\t\t\t\t\t\t\t\t\t<img decoding=\"async\" width=\"683\" height=\"1024\" src=\"https:\/\/vilaverdeemflor.com\/wp-content\/uploads\/2024\/01\/imagem_2025-01-13_155928633-683x1024.png\" class=\"attachment-large size-large wp-image-5152\" alt=\"\" srcset=\"https:\/\/vilaverdeemflor.com\/wp-content\/uploads\/2024\/01\/imagem_2025-01-13_155928633-683x1024.png 683w, https:\/\/vilaverdeemflor.com\/wp-content\/uploads\/2024\/01\/imagem_2025-01-13_155928633-600x900.png 600w, https:\/\/vilaverdeemflor.com\/wp-content\/uploads\/2024\/01\/imagem_2025-01-13_155928633-200x300.png 200w, https:\/\/vilaverdeemflor.com\/wp-content\/uploads\/2024\/01\/imagem_2025-01-13_155928633.png 750w\" sizes=\"(max-width: 683px) 100vw, 683px\" \/>\t\t\t\t\t\t\t\t\t\t\t\t\t\t\t<\/div>\n\t\t\t\t<\/div>\n\t\t\t\t<div class=\"elementor-element elementor-element-26033c0 elementor-widget elementor-widget-image\" data-id=\"26033c0\" data-element_type=\"widget\" data-e-type=\"widget\" data-widget_type=\"image.default\">\n\t\t\t\t<div class=\"elementor-widget-container\">\n\t\t\t\t\t\t\t\t\t\t\t\t\t\t\t<img decoding=\"async\" width=\"683\" height=\"1024\" src=\"https:\/\/vilaverdeemflor.com\/wp-content\/uploads\/2024\/01\/imagem_2025-01-13_155944873-683x1024.png\" class=\"attachment-large size-large wp-image-5153\" alt=\"\" srcset=\"https:\/\/vilaverdeemflor.com\/wp-content\/uploads\/2024\/01\/imagem_2025-01-13_155944873-683x1024.png 683w, https:\/\/vilaverdeemflor.com\/wp-content\/uploads\/2024\/01\/imagem_2025-01-13_155944873-600x900.png 600w, https:\/\/vilaverdeemflor.com\/wp-content\/uploads\/2024\/01\/imagem_2025-01-13_155944873-200x300.png 200w, https:\/\/vilaverdeemflor.com\/wp-content\/uploads\/2024\/01\/imagem_2025-01-13_155944873.png 750w\" sizes=\"(max-width: 683px) 100vw, 683px\" \/>\t\t\t\t\t\t\t\t\t\t\t\t\t\t\t<\/div>\n\t\t\t\t<\/div>\n\t\t\t\t<\/div>\n\t\t\t\t<\/div>","protected":false},"excerpt":{"rendered":"<p>Cada um de n\u00f3s pode dar um significado pr\u00f3prio a cada cor, por\u00e9m temos alguns simbolismos base. Vermelho &#8211; A cor que significa paix\u00e3o, emo\u00e7\u00e3o, agressividade e perigo Azul &#8211; A cor que significa confian\u00e7a, reserva, harmonia, afecto, amizade, fidelidade e amor Verde &#8211; A cor que significa esperan\u00e7a, natureza, juventude, desejo, descanso e equil\u00edbrio [&hellip;]<\/p>","protected":false},"author":1,"featured_media":2467,"comment_status":"open","ping_status":"open","sticky":false,"template":"","format":"standard","meta":{"_themeisle_gutenberg_block_has_review":false,"footnotes":""},"categories":[16],"tags":[],"class_list":["post-237","post","type-post","status-publish","format-standard","has-post-thumbnail","hentry","category-uncategorized"],"yoast_head":"<!-- This site is optimized with the Yoast SEO plugin v25.0 - https:\/\/yoast.com\/wordpress\/plugins\/seo\/ -->\n<title>Significado das Cores - Vila Verde em Flor<\/title>\n<meta name=\"description\" content=\"Significado de cores\" \/>\n<meta name=\"robots\" content=\"index, follow, max-snippet:-1, max-image-preview:large, max-video-preview:-1\" \/>\n<link rel=\"canonical\" href=\"https:\/\/vilaverdeemflor.com\/en\/significado-das-cores\/\" \/>\n<meta property=\"og:locale\" content=\"en_GB\" \/>\n<meta property=\"og:type\" content=\"article\" \/>\n<meta property=\"og:title\" content=\"Significado das Cores - Vila Verde em Flor\" \/>\n<meta property=\"og:description\" content=\"Significado de cores\" \/>\n<meta property=\"og:url\" content=\"https:\/\/vilaverdeemflor.com\/en\/significado-das-cores\/\" \/>\n<meta property=\"og:site_name\" content=\"Vila Verde em Flor\" \/>\n<meta property=\"article:publisher\" content=\"https:\/\/facebook.com\/vila.verdeemflor.pt\" \/>\n<meta property=\"article:published_time\" content=\"2024-01-17T11:14:05+00:00\" \/>\n<meta property=\"article:modified_time\" content=\"2025-01-13T15:59:57+00:00\" \/>\n<meta name=\"author\" content=\"vilaverde\" \/>\n<meta name=\"twitter:card\" content=\"summary_large_image\" \/>\n<meta name=\"twitter:label1\" content=\"Written by\" \/>\n\t<meta name=\"twitter:data1\" content=\"vilaverde\" \/>\n\t<meta name=\"twitter:label2\" content=\"Estimated reading time\" \/>\n\t<meta name=\"twitter:data2\" content=\"2 minutes\" \/>\n<script type=\"application\/ld+json\" class=\"yoast-schema-graph\">{\"@context\":\"https:\/\/schema.org\",\"@graph\":[{\"@type\":\"Article\",\"@id\":\"https:\/\/vilaverdeemflor.com\/significado-das-cores\/#article\",\"isPartOf\":{\"@id\":\"https:\/\/vilaverdeemflor.com\/significado-das-cores\/\"},\"author\":{\"name\":\"vilaverde\",\"@id\":\"https:\/\/vilaverdeemflor.com\/#\/schema\/person\/cbd91196d350ce54099a85c1e69ac6f6\"},\"headline\":\"Significado das Cores\",\"datePublished\":\"2024-01-17T11:14:05+00:00\",\"dateModified\":\"2025-01-13T15:59:57+00:00\",\"mainEntityOfPage\":{\"@id\":\"https:\/\/vilaverdeemflor.com\/significado-das-cores\/\"},\"wordCount\":122,\"commentCount\":0,\"publisher\":{\"@id\":\"https:\/\/vilaverdeemflor.com\/#organization\"},\"image\":{\"@id\":\"https:\/\/vilaverdeemflor.com\/significado-das-cores\/#primaryimage\"},\"thumbnailUrl\":\"\",\"articleSection\":[\"Uncategorized\"],\"inLanguage\":\"en-GB\",\"potentialAction\":[{\"@type\":\"CommentAction\",\"name\":\"Comment\",\"target\":[\"https:\/\/vilaverdeemflor.com\/significado-das-cores\/#respond\"]}]},{\"@type\":\"WebPage\",\"@id\":\"https:\/\/vilaverdeemflor.com\/significado-das-cores\/\",\"url\":\"https:\/\/vilaverdeemflor.com\/significado-das-cores\/\",\"name\":\"Significado das Cores - Vila Verde em Flor\",\"isPartOf\":{\"@id\":\"https:\/\/vilaverdeemflor.com\/#website\"},\"primaryImageOfPage\":{\"@id\":\"https:\/\/vilaverdeemflor.com\/significado-das-cores\/#primaryimage\"},\"image\":{\"@id\":\"https:\/\/vilaverdeemflor.com\/significado-das-cores\/#primaryimage\"},\"thumbnailUrl\":\"\",\"datePublished\":\"2024-01-17T11:14:05+00:00\",\"dateModified\":\"2025-01-13T15:59:57+00:00\",\"description\":\"Significado de cores\",\"breadcrumb\":{\"@id\":\"https:\/\/vilaverdeemflor.com\/significado-das-cores\/#breadcrumb\"},\"inLanguage\":\"en-GB\",\"potentialAction\":[{\"@type\":\"ReadAction\",\"target\":[\"https:\/\/vilaverdeemflor.com\/significado-das-cores\/\"]}]},{\"@type\":\"ImageObject\",\"inLanguage\":\"en-GB\",\"@id\":\"https:\/\/vilaverdeemflor.com\/significado-das-cores\/#primaryimage\",\"url\":\"\",\"contentUrl\":\"\"},{\"@type\":\"BreadcrumbList\",\"@id\":\"https:\/\/vilaverdeemflor.com\/significado-das-cores\/#breadcrumb\",\"itemListElement\":[{\"@type\":\"ListItem\",\"position\":1,\"name\":\"In\u00edcio\",\"item\":\"https:\/\/vilaverdeemflor.com\/\"},{\"@type\":\"ListItem\",\"position\":2,\"name\":\"Significado das Cores\"}]},{\"@type\":\"WebSite\",\"@id\":\"https:\/\/vilaverdeemflor.com\/#website\",\"url\":\"https:\/\/vilaverdeemflor.com\/\",\"name\":\"Vila Verde em Flor\",\"description\":\"ORGANIZA\u00c7\u00c3O DE EVENTOS FLORISTA\",\"publisher\":{\"@id\":\"https:\/\/vilaverdeemflor.com\/#organization\"},\"potentialAction\":[{\"@type\":\"SearchAction\",\"target\":{\"@type\":\"EntryPoint\",\"urlTemplate\":\"https:\/\/vilaverdeemflor.com\/?s={search_term_string}\"},\"query-input\":{\"@type\":\"PropertyValueSpecification\",\"valueRequired\":true,\"valueName\":\"search_term_string\"}}],\"inLanguage\":\"en-GB\"},{\"@type\":\"Organization\",\"@id\":\"https:\/\/vilaverdeemflor.com\/#organization\",\"name\":\"Vila Verde em Flor\",\"url\":\"https:\/\/vilaverdeemflor.com\/\",\"logo\":{\"@type\":\"ImageObject\",\"inLanguage\":\"en-GB\",\"@id\":\"https:\/\/vilaverdeemflor.com\/#\/schema\/logo\/image\/\",\"url\":\"https:\/\/vilaverdeemflor.com\/wp-content\/uploads\/2025\/01\/Untitled-1.webp\",\"contentUrl\":\"https:\/\/vilaverdeemflor.com\/wp-content\/uploads\/2025\/01\/Untitled-1.webp\",\"width\":329,\"height\":44,\"caption\":\"Vila Verde em Flor\"},\"image\":{\"@id\":\"https:\/\/vilaverdeemflor.com\/#\/schema\/logo\/image\/\"},\"sameAs\":[\"https:\/\/facebook.com\/vila.verdeemflor.pt\",\"https:\/\/www.instagram.com\/vilaverdeemflor\/\"]},{\"@type\":\"Person\",\"@id\":\"https:\/\/vilaverdeemflor.com\/#\/schema\/person\/cbd91196d350ce54099a85c1e69ac6f6\",\"name\":\"vilaverde\",\"image\":{\"@type\":\"ImageObject\",\"inLanguage\":\"en-GB\",\"@id\":\"https:\/\/vilaverdeemflor.com\/#\/schema\/person\/image\/\",\"url\":\"https:\/\/secure.gravatar.com\/avatar\/a6c30f5a778fd27e0f585d4a6d8da2e0?s=96&d=mm&r=g\",\"contentUrl\":\"https:\/\/secure.gravatar.com\/avatar\/a6c30f5a778fd27e0f585d4a6d8da2e0?s=96&d=mm&r=g\",\"caption\":\"vilaverde\"},\"sameAs\":[\"https:\/\/vilaverdeemflor.com\"],\"url\":\"https:\/\/vilaverdeemflor.com\/en\/author\/vilaverde\/\"}]}<\/script>\n<!-- \/ Yoast SEO plugin. -->","yoast_head_json":{"title":"Significado das Cores - Vila Verde em Flor","description":"Significado de cores","robots":{"index":"index","follow":"follow","max-snippet":"max-snippet:-1","max-image-preview":"max-image-preview:large","max-video-preview":"max-video-preview:-1"},"canonical":"https:\/\/vilaverdeemflor.com\/en\/significado-das-cores\/","og_locale":"en_GB","og_type":"article","og_title":"Significado das Cores - Vila Verde em Flor","og_description":"Significado de cores","og_url":"https:\/\/vilaverdeemflor.com\/en\/significado-das-cores\/","og_site_name":"Vila Verde em Flor","article_publisher":"https:\/\/facebook.com\/vila.verdeemflor.pt","article_published_time":"2024-01-17T11:14:05+00:00","article_modified_time":"2025-01-13T15:59:57+00:00","author":"vilaverde","twitter_card":"summary_large_image","twitter_misc":{"Written by":"vilaverde","Estimated reading time":"2 minutes"},"schema":{"@context":"https:\/\/schema.org","@graph":[{"@type":"Article","@id":"https:\/\/vilaverdeemflor.com\/significado-das-cores\/#article","isPartOf":{"@id":"https:\/\/vilaverdeemflor.com\/significado-das-cores\/"},"author":{"name":"vilaverde","@id":"https:\/\/vilaverdeemflor.com\/#\/schema\/person\/cbd91196d350ce54099a85c1e69ac6f6"},"headline":"Significado das Cores","datePublished":"2024-01-17T11:14:05+00:00","dateModified":"2025-01-13T15:59:57+00:00","mainEntityOfPage":{"@id":"https:\/\/vilaverdeemflor.com\/significado-das-cores\/"},"wordCount":122,"commentCount":0,"publisher":{"@id":"https:\/\/vilaverdeemflor.com\/#organization"},"image":{"@id":"https:\/\/vilaverdeemflor.com\/significado-das-cores\/#primaryimage"},"thumbnailUrl":"","articleSection":["Uncategorized"],"inLanguage":"en-GB","potentialAction":[{"@type":"CommentAction","name":"Comment","target":["https:\/\/vilaverdeemflor.com\/significado-das-cores\/#respond"]}]},{"@type":"WebPage","@id":"https:\/\/vilaverdeemflor.com\/significado-das-cores\/","url":"https:\/\/vilaverdeemflor.com\/significado-das-cores\/","name":"Significado das Cores - Vila Verde em Flor","isPartOf":{"@id":"https:\/\/vilaverdeemflor.com\/#website"},"primaryImageOfPage":{"@id":"https:\/\/vilaverdeemflor.com\/significado-das-cores\/#primaryimage"},"image":{"@id":"https:\/\/vilaverdeemflor.com\/significado-das-cores\/#primaryimage"},"thumbnailUrl":"","datePublished":"2024-01-17T11:14:05+00:00","dateModified":"2025-01-13T15:59:57+00:00","description":"Significado de cores","breadcrumb":{"@id":"https:\/\/vilaverdeemflor.com\/significado-das-cores\/#breadcrumb"},"inLanguage":"en-GB","potentialAction":[{"@type":"ReadAction","target":["https:\/\/vilaverdeemflor.com\/significado-das-cores\/"]}]},{"@type":"ImageObject","inLanguage":"en-GB","@id":"https:\/\/vilaverdeemflor.com\/significado-das-cores\/#primaryimage","url":"","contentUrl":""},{"@type":"BreadcrumbList","@id":"https:\/\/vilaverdeemflor.com\/significado-das-cores\/#breadcrumb","itemListElement":[{"@type":"ListItem","position":1,"name":"In\u00edcio","item":"https:\/\/vilaverdeemflor.com\/"},{"@type":"ListItem","position":2,"name":"Significado das Cores"}]},{"@type":"WebSite","@id":"https:\/\/vilaverdeemflor.com\/#website","url":"https:\/\/vilaverdeemflor.com\/","name":"Green village in Bloom","description":"ORGANIZA\u00c7\u00c3O DE EVENTOS FLORISTA","publisher":{"@id":"https:\/\/vilaverdeemflor.com\/#organization"},"potentialAction":[{"@type":"SearchAction","target":{"@type":"EntryPoint","urlTemplate":"https:\/\/vilaverdeemflor.com\/?s={search_term_string}"},"query-input":{"@type":"PropertyValueSpecification","valueRequired":true,"valueName":"search_term_string"}}],"inLanguage":"en-GB"},{"@type":"Organization","@id":"https:\/\/vilaverdeemflor.com\/#organization","name":"Green village in Bloom","url":"https:\/\/vilaverdeemflor.com\/","logo":{"@type":"ImageObject","inLanguage":"en-GB","@id":"https:\/\/vilaverdeemflor.com\/#\/schema\/logo\/image\/","url":"https:\/\/vilaverdeemflor.com\/wp-content\/uploads\/2025\/01\/Untitled-1.webp","contentUrl":"https:\/\/vilaverdeemflor.com\/wp-content\/uploads\/2025\/01\/Untitled-1.webp","width":329,"height":44,"caption":"Vila Verde em Flor"},"image":{"@id":"https:\/\/vilaverdeemflor.com\/#\/schema\/logo\/image\/"},"sameAs":["https:\/\/facebook.com\/vila.verdeemflor.pt","https:\/\/www.instagram.com\/vilaverdeemflor\/"]},{"@type":"Person","@id":"https:\/\/vilaverdeemflor.com\/#\/schema\/person\/cbd91196d350ce54099a85c1e69ac6f6","name":"vilaverde","image":{"@type":"ImageObject","inLanguage":"en-GB","@id":"https:\/\/vilaverdeemflor.com\/#\/schema\/person\/image\/","url":"https:\/\/secure.gravatar.com\/avatar\/a6c30f5a778fd27e0f585d4a6d8da2e0?s=96&d=mm&r=g","contentUrl":"https:\/\/secure.gravatar.com\/avatar\/a6c30f5a778fd27e0f585d4a6d8da2e0?s=96&d=mm&r=g","caption":"vilaverde"},"sameAs":["https:\/\/vilaverdeemflor.com"],"url":"https:\/\/vilaverdeemflor.com\/en\/author\/vilaverde\/"}]}},"_links":{"self":[{"href":"https:\/\/vilaverdeemflor.com\/en\/wp-json\/wp\/v2\/posts\/237","targetHints":{"allow":["GET"]}}],"collection":[{"href":"https:\/\/vilaverdeemflor.com\/en\/wp-json\/wp\/v2\/posts"}],"about":[{"href":"https:\/\/vilaverdeemflor.com\/en\/wp-json\/wp\/v2\/types\/post"}],"author":[{"embeddable":true,"href":"https:\/\/vilaverdeemflor.com\/en\/wp-json\/wp\/v2\/users\/1"}],"replies":[{"embeddable":true,"href":"https:\/\/vilaverdeemflor.com\/en\/wp-json\/wp\/v2\/comments?post=237"}],"version-history":[{"count":3,"href":"https:\/\/vilaverdeemflor.com\/en\/wp-json\/wp\/v2\/posts\/237\/revisions"}],"predecessor-version":[{"id":5156,"href":"https:\/\/vilaverdeemflor.com\/en\/wp-json\/wp\/v2\/posts\/237\/revisions\/5156"}],"wp:featuredmedia":[{"embeddable":true,"href":"https:\/\/vilaverdeemflor.com\/en\/wp-json\/"}],"wp:attachment":[{"href":"https:\/\/vilaverdeemflor.com\/en\/wp-json\/wp\/v2\/media?parent=237"}],"wp:term":[{"taxonomy":"category","embeddable":true,"href":"https:\/\/vilaverdeemflor.com\/en\/wp-json\/wp\/v2\/categories?post=237"},{"taxonomy":"post_tag","embeddable":true,"href":"https:\/\/vilaverdeemflor.com\/en\/wp-json\/wp\/v2\/tags?post=237"}],"curies":[{"name":"wp","href":"https:\/\/api.w.org\/{rel}","templated":true}]}}